{"id":210,"date":"2009-11-15T15:33:01","date_gmt":"2009-11-15T13:33:01","guid":{"rendered":"http:\/\/www.derkapi.de\/?p=210"},"modified":"2009-11-16T13:43:34","modified_gmt":"2009-11-16T11:43:34","slug":"update1","status":"publish","type":"post","link":"https:\/\/www.derkapi.de\/?p=210","title":{"rendered":"Update1"},"content":{"rendered":"<p><a href=\"http:\/\/derkapi.de\/pics\/Update1_C01B\/update1.jpg\"><img loading=\"lazy\" decoding=\"async\" style=\"border-right-width: 0px; border-top-width: 0px; border-bottom-width: 0px; border-left-width: 0px\" border=\"0\" alt=\"update1\" src=\"http:\/\/derkapi.de\/pics\/Update1_C01B\/update1_thumb.jpg\" width=\"504\" height=\"379\"><\/a> <\/p>\n<p>Die Verst\u00e4rkung der Imperialen Armee (der Liga freier Welten, versteht sich) bel\u00e4uft sich nur auf zwei Modelle, daf\u00fcr sind diese dann aber auch etwas gr\u00f6\u00dfer.<\/p>\n<p><!--more--> <\/p>\n<p><strong>&gt;&gt;Anklicken zum Vergr\u00f6\u00dfern &lt;&lt;<br \/><\/strong><br \/>Ich habe ja schon etwas l\u00e4nger mit dem Macharuis &#8222;Vulcan&#8220; gelieb\u00e4ugelt, nun endlich wurde der Fuhrpark um einen weiteren Macharuis , diese Mal halt mit Vulcan Mega Bolter-Waffensystem, aufgestockt. Ich kann mir nicht helfen, der Kommandant erinnert mich an Patrick \ud83d\ude09<br \/><a href=\"http:\/\/derkapi.de\/pics\/Update1_C01B\/mach3.jpg\"><img loading=\"lazy\" decoding=\"async\" style=\"border-right-width: 0px; border-top-width: 0px; border-bottom-width: 0px; border-left-width: 0px\" border=\"0\" alt=\"mach3\" src=\"http:\/\/derkapi.de\/pics\/Update1_C01B\/mach3_thumb.jpg\" width=\"504\" height=\"327\"><\/a>&nbsp;&nbsp; <\/p>\n<p><a href=\"http:\/\/derkapi.de\/pics\/Update1_C01B\/mach2.jpg\"><img loading=\"lazy\" decoding=\"async\" style=\"border-right-width: 0px; border-top-width: 0px; border-bottom-width: 0px; border-left-width: 0px\" border=\"0\" alt=\"mach2\" src=\"http:\/\/derkapi.de\/pics\/Update1_C01B\/mach2_thumb.jpg\" width=\"244\" height=\"213\"><\/a> <a href=\"http:\/\/derkapi.de\/pics\/Update1_C01B\/mach1.jpg\"><img loading=\"lazy\" decoding=\"async\" style=\"border-right-width: 0px; border-top-width: 0px; border-bottom-width: 0px; border-left-width: 0px\" border=\"0\" alt=\"mach1\" src=\"http:\/\/derkapi.de\/pics\/Update1_C01B\/mach1_thumb.jpg\" width=\"244\" height=\"184\"><\/a> <br \/>Bin schon gespannt darauf, diesen Panzer das erste Mal einsetzen zu k\u00f6nnen, <br \/>dann nat\u00fcrlich gegen Einheiten mit RW 3+, daf\u00fcr ist er schlie\u00dflich da \ud83d\ude42<\/p>\n<p>&nbsp;<\/p>\n<table border=\"0\" cellspacing=\"0\" cellpadding=\"2\" width=\"500\">\n<tbody>\n<tr>\n<td valign=\"top\" width=\"173\"><a href=\"http:\/\/derkapi.de\/pics\/Update1_C01B\/bastion.jpg\"><img loading=\"lazy\" decoding=\"async\" style=\"border-right-width: 0px; border-top-width: 0px; border-bottom-width: 0px; border-left-width: 0px\" border=\"0\" alt=\"bastion\" src=\"http:\/\/derkapi.de\/pics\/Update1_C01B\/bastion_thumb.jpg\" width=\"201\" height=\"244\"><\/a><\/td>\n<td valign=\"top\" width=\"315\">Aber auch im Bereich Gel\u00e4nge hast sich was getan. Die erste von zwei Bastionen ist fertig. <\/p>\n<p>Zwar fehlt noch der Antennenkram, aber sie l\u00e4sst sich schon mal so einsetzen.<\/p>\n<p>Ich habe die Bemalung bewusst einfach gehalten und das Modell nur mit ein paar Brandflecken und etwas Staub auf den erhabenen Fl\u00e4chen verziert.&nbsp; <\/p>\n<p>Also ich finde das wirkt sehr gut.<\/td>\n<\/tr>\n<\/tbody>\n<\/table>\n","protected":false},"excerpt":{"rendered":"<p>Die Verst\u00e4rkung der Imperialen Armee (der Liga freier Welten, versteht sich) bel\u00e4uft sich nur auf zwei Modelle, daf\u00fcr sind diese dann aber auch etwas gr\u00f6\u00dfer.<\/p>\n","protected":false},"author":2,"featured_media":0,"comment_status":"open","ping_status":"closed","sticky":false,"template":"","format":"standard","meta":{"footnotes":""},"categories":[7],"tags":[],"class_list":["post-210","post","type-post","status-publish","format-standard","hentry","category-ia"],"_links":{"self":[{"href":"https:\/\/www.derkapi.de\/index.php?rest_route=\/wp\/v2\/posts\/210","targetHints":{"allow":["GET"]}}],"collection":[{"href":"https:\/\/www.derkapi.de\/index.php?rest_route=\/wp\/v2\/posts"}],"about":[{"href":"https:\/\/www.derkapi.de\/index.php?rest_route=\/wp\/v2\/types\/post"}],"author":[{"embeddable":true,"href":"https:\/\/www.derkapi.de\/index.php?rest_route=\/wp\/v2\/users\/2"}],"replies":[{"embeddable":true,"href":"https:\/\/www.derkapi.de\/index.php?rest_route=%2Fwp%2Fv2%2Fcomments&post=210"}],"version-history":[{"count":2,"href":"https:\/\/www.derkapi.de\/index.php?rest_route=\/wp\/v2\/posts\/210\/revisions"}],"predecessor-version":[{"id":213,"href":"https:\/\/www.derkapi.de\/index.php?rest_route=\/wp\/v2\/posts\/210\/revisions\/213"}],"wp:attachment":[{"href":"https:\/\/www.derkapi.de\/index.php?rest_route=%2Fwp%2Fv2%2Fmedia&parent=210"}],"wp:term":[{"taxonomy":"category","embeddable":true,"href":"https:\/\/www.derkapi.de\/index.php?rest_route=%2Fwp%2Fv2%2Fcategories&post=210"},{"taxonomy":"post_tag","embeddable":true,"href":"https:\/\/www.derkapi.de\/index.php?rest_route=%2Fwp%2Fv2%2Ftags&post=210"}],"curies":[{"name":"wp","href":"https:\/\/api.w.org\/{rel}","templated":true}]}}