{"id":2456,"date":"2017-04-17T14:06:11","date_gmt":"2017-04-17T12:06:11","guid":{"rendered":"http:\/\/www.derkapi.de\/?p=2456"},"modified":"2017-04-17T16:37:34","modified_gmt":"2017-04-17T14:37:34","slug":"primarch-der-stormraven","status":"publish","type":"post","link":"https:\/\/www.derkapi.de\/?p=2456","title":{"rendered":"Primarch der Stormraven"},"content":{"rendered":"<p><em><a href=\"https:\/\/www.derkapi.de\/wp-content\/uploads\/2017\/04\/primarch4.jpg\"><img loading=\"lazy\" decoding=\"async\" title=\"primarch4\" style=\"border-left-width: 0px; border-right-width: 0px; background-image: none; border-bottom-width: 0px; padding-top: 0px; padding-left: 0px; display: inline; padding-right: 0px; border-top-width: 0px\" border=\"0\" alt=\"primarch4\" src=\"https:\/\/www.derkapi.de\/wp-content\/uploads\/2017\/04\/primarch4_thumb.jpg\" width=\"604\" height=\"549\"><\/a><\/strong><\/em><\/p>\n<p><font size=\"4\">Ich pr\u00e4sentiere den<strong> Primarch der 2. Legion der Stormraven<\/strong>, <\/font><font size=\"4\"><strong>Maska Kangee. <br \/><\/strong><em>(Kommt aus dem Indianischen und hei\u00dft Gro\u00dfer Rabe).<\/em><\/font><\/p>\n<p><a href=\"https:\/\/www.derkapi.de\/wp-content\/uploads\/2017\/04\/primarch0.jpg\"><em><img loading=\"lazy\" decoding=\"async\" title=\"primarch0\" style=\"border-left-width: 0px; border-right-width: 0px; background-image: none; border-bottom-width: 0px; padding-top: 0px; padding-left: 0px; display: inline; padding-right: 0px; border-top-width: 0px\" border=\"0\" alt=\"primarch0\" src=\"https:\/\/www.derkapi.de\/wp-content\/uploads\/2017\/04\/primarch0_thumb.jpg\" width=\"604\" height=\"429\"><\/em><\/a><\/p>\n<h4>Vorwort:<\/h4>\n<p><em>Eigentlich wollte ich das Modell des <strong>Corvus Corax<\/strong> (der Primarch der Raven Guard) nicht kaufen, da<br \/>das Modell mit Sprungmodul und Fl\u00fcgeln nicht zum Hintergrund meiner Legion passte.<br \/>Au\u00dferdem war mir die Pistole in der linken Hand zu spittelig.<\/p>\n<p>Dann kam <strong>Roboute Guilliman<\/strong> in Plastik heraus und ich dachte, das w\u00e4re es doch. Aber mir war die<br \/>R\u00fcstung zu verziert. Nach dem ich aber beide Modelle verglich, fiel mir auf, dass man die Arme leicht<br \/>austauschen k\u00f6nnte, gleiches mit dem R\u00fcckenmodul. Und tats\u00e4chlich mit einem Nagel zum fixieren<br \/>und Green Stuff war der Linke Arm kein Problem.<\/p>\n<p>Da es ein gro\u00dfes Charaktermodell ist, probierte ich einige Techniken wie Lasuren und Farbverl\u00e4ufe<br \/>aus und nutzte das erste mal auch eine Lupe (das Modell ist vom Kopf bis zum linken Fu\u00df 5 cm gro\u00df).<\/em><\/p>\n<p><em> Dieses Thema ist schon fast einen eigenen Post wert, da es gar nicht so einfach ist hier das passende<br \/>Werkzeug zu finden.<\/p>\n<p>Tja, entgegen meiner Planung ist erste bemalte Primarch nun nicht nicht <strong>Angron<\/strong> (der erste FW-Primarch)<br \/>oder <strong>Konrad Curze <\/strong><\/em><em>Primarch der Night Lords (meine erste WH40k-Armee).<br \/><\/em><br \/><a href=\"https:\/\/www.derkapi.de\/wp-content\/uploads\/2017\/04\/primarch6.jpg\"><em><img loading=\"lazy\" decoding=\"async\" title=\"primarch6\" style=\"border-left-width: 0px; border-right-width: 0px; background-image: none; border-bottom-width: 0px; padding-top: 0px; padding-left: 0px; display: inline; padding-right: 0px; border-top-width: 0px\" border=\"0\" alt=\"primarch6\" src=\"https:\/\/www.derkapi.de\/wp-content\/uploads\/2017\/04\/primarch6_thumb.jpg\" width=\"604\" height=\"625\"><\/em><\/a><\/p>\n<p>Am rechten Bein sieht man einen Farbverlauf den ich erw\u00e4hnte. Die feinen Ornamente sind selbst<br \/>mit einer Lupe eine Herausforderung und auch hier sieht man einige Dinge erst wieder, nachdem<br \/>man ein Foto gemacht hat. <em>Da muss ich noch mal ran.<br \/><\/em><br \/><a href=\"https:\/\/www.derkapi.de\/wp-content\/uploads\/2017\/04\/primarch5.jpg\"><em><img loading=\"lazy\" decoding=\"async\" title=\"primarch5\" style=\"border-left-width: 0px; border-right-width: 0px; background-image: none; border-bottom-width: 0px; padding-top: 0px; padding-left: 0px; display: inline; padding-right: 0px; border-top-width: 0px\" border=\"0\" alt=\"primarch5\" src=\"https:\/\/www.derkapi.de\/wp-content\/uploads\/2017\/04\/primarch5_thumb.jpg\" width=\"604\" height=\"494\"><\/em><\/a><\/p>\n<p><strong>Klar<\/strong> musste der erschlagene Chaos Space Marine in den Farben der Iron Warriors bemalt werden <img decoding=\"async\" class=\"wlEmoticon wlEmoticon-smile\" style=\"border-top-style: none; border-left-style: none; border-bottom-style: none; border-right-style: none\" alt=\"Smile\" src=\"https:\/\/www.derkapi.de\/wp-content\/uploads\/2017\/04\/wlEmoticon-smile.png\"><br \/>Um den Fu\u00df habe ich zwei St\u00fccke Plastikkarton <em>zerknipst<\/em> um den Effekt der zersplitternden <br \/>Steinplatte abzublenden. Der glatte Stein (Base) und die Steinplatten (Fu\u00df) h\u00e4tten ansonsten eine<br \/>optischen Riss ergeben (es h\u00e4tte unecht gewirkt).<\/p>\n<p><a href=\"https:\/\/www.derkapi.de\/wp-content\/uploads\/2017\/04\/primarch7.jpg\"><em><img loading=\"lazy\" decoding=\"async\" title=\"primarch7\" style=\"border-left-width: 0px; border-right-width: 0px; background-image: none; border-bottom-width: 0px; padding-top: 0px; padding-left: 0px; display: inline; padding-right: 0px; border-top-width: 0px\" border=\"0\" alt=\"primarch7\" src=\"https:\/\/www.derkapi.de\/wp-content\/uploads\/2017\/04\/primarch7_thumb.jpg\" width=\"604\" height=\"602\"><\/em><\/a><br \/>Das Schwert mit den Shades und Lasuren ist mir gut gelungen, finde ich. Man beachte, wie das Feuer<br \/>auf der Oberseite der Hand und des Arms abgebildet wurde. Da ich in der Flamme Rot und Lila<br \/>verwendet habe, wirkt es mit dem Lila des Griffs wie aus einem St\u00fcck. Dazu passt auch gut das Orange<br \/>des Edelsteins im Schwertheft. Die gleiche Farbe nutzte ich auch in den Edelsteinen der Raven-<br \/>Ornamente (Bein \/ Schulter).<\/p>\n<p><a href=\"https:\/\/www.derkapi.de\/wp-content\/uploads\/2017\/04\/primarch1.jpg\"><em><a href=\"https:\/\/www.derkapi.de\/wp-content\/uploads\/2017\/04\/primarch2.jpg\"><em><a href=\"https:\/\/www.derkapi.de\/wp-content\/uploads\/2017\/04\/primarch3.jpg\"><em><a href=\"https:\/\/www.derkapi.de\/wp-content\/uploads\/2017\/04\/primarch2.jpg\"><em><a href=\"https:\/\/www.derkapi.de\/wp-content\/uploads\/2017\/04\/primarch3.jpg\"><em><img loading=\"lazy\" decoding=\"async\" title=\"primarch3\" style=\"border-left-width: 0px; border-right-width: 0px; background-image: none; border-bottom-width: 0px; padding-top: 0px; padding-left: 0px; display: inline; padding-right: 0px; border-top-width: 0px\" border=\"0\" alt=\"primarch3\" src=\"https:\/\/www.derkapi.de\/wp-content\/uploads\/2017\/04\/primarch3_thumb.jpg\" width=\"604\" height=\"647\"><\/em><\/a><\/em><\/em><\/em><\/em><\/a><\/p>\n<p>Das R\u00fcckenmodul, den Arm und das Shoulderpad habe ich lasiert so als w\u00fcrde sich hier das Feuer<br \/>widerspiegeln. Ich finde der Effekt kommt gut r\u00fcber.<br \/><\/a><\/a><br \/>Um den Umbau mit dem R\u00fcckenmodul echter wirken zu lassen, hab ich ein Kabel vom Modul zum<br \/>linken Arm gef\u00fchrt, au\u00dferdem kaschiert es die Klebestellen.<\/p>\n<p>Beim Farbverlauf hab ich die Noppenpanzerung am Bein ausgelassen, damit wirkt es als w\u00e4re diese<br \/>Schicht aus einem anderen, vielleicht geh\u00e4rteten Material.<\/p>\n<p><em><img loading=\"lazy\" decoding=\"async\" title=\"primarch1\" style=\"border-left-width: 0px; border-right-width: 0px; background-image: none; border-bottom-width: 0px; padding-top: 0px; padding-left: 0px; display: inline; padding-right: 0px; border-top-width: 0px\" border=\"0\" alt=\"primarch1\" src=\"https:\/\/www.derkapi.de\/wp-content\/uploads\/2017\/04\/primarch1_thumb.jpg\" width=\"604\" height=\"827\"><\/em><\/p>\n<p>Das Problem mit dem Arm hab ich durch den Austausch des linken Pads auf die rechte Seite<br \/>maskiert. <br \/><a href=\"https:\/\/www.derkapi.de\/wp-content\/uploads\/2017\/04\/primarch2.jpg\"><em><a href=\"https:\/\/www.derkapi.de\/wp-content\/uploads\/2017\/04\/primarch3.jpg\"><em><a href=\"https:\/\/www.derkapi.de\/wp-content\/uploads\/2017\/04\/primarch2.jpg\"><em><\/a><\/em><\/a><\/em><\/a><img loading=\"lazy\" decoding=\"async\" title=\"primarch2\" style=\"border-left-width: 0px; border-right-width: 0px; background-image: none; border-bottom-width: 0px; padding-top: 0px; padding-left: 0px; display: inline; padding-right: 0px; border-top-width: 0px\" border=\"0\" alt=\"primarch2\" src=\"https:\/\/www.derkapi.de\/wp-content\/uploads\/2017\/04\/primarch2_thumb.jpg\" width=\"604\" height=\"742\"><\/em><\/a><\/p>\n<p>Beim Gold des R\u00fcckenmoduls nutzte ich viele Abstufungen von Gold, speziell beim oberen Teil.<br \/>die rechte Seite habe ich dann zus\u00e4tzlich mit Orange, Rot und Lila getuscht und die Spitzen oben<br \/>mit Orange und Gelb lasiert.<\/p>\n<p>Der Bau und die Bemalung haben Spa\u00df gemacht und waren mal eine Herausforderung. Aus zwei<br \/>Modellen eins zu machen ist ja nicht ganz g\u00fcnstig, und wenn das dann auch noch in die Hose geht.<\/p>\n<p><u><strong>Regeln:<\/strong><\/u> Er nutzt die gleichen Regel wie <em>Papa Schlumpf<\/em> nur das f\u00fcr die Stormraven die <strong>Ordenstaktik<\/strong><br \/>der <strong>Imperial Fists<\/strong> genutzt wird.<br \/>&nbsp; <\/p>\n<h4>Die Ankunft auf Terra, Wiege der Menschheit:<\/h4>\n<p><\/strong> <\/p>\n<p><em><strong>Roboute Guilliman<\/strong>, Regent von Ultramar und amtierender Imperator, sa\u00df am am Kopfende der Tafel. Direkt neben ihm <strong>Chief Librarian Tigurius<\/strong> und <strong>Captain Sicarius<\/strong> von den <strong>Ultramaries<\/strong> und im Anschluss an diese sa\u00dfen entweder die Ordensmeister oder ersten Captains eines jeden Orden der ersten und zweiten Gr\u00fcndung. Sie alle waren von <strong>Lord Guilliman<\/strong> zu einer Tagung von h\u00f6chster Wichtigkeit gerufen worden, sie alle warteten mit dem Primarchen seit Stunden auf die Ankunft eines bestimmten Gastes. Der Regent schwieg, doch die Ordensmeister und Vertreter diskutierten angeregt die aktuelle Lage oder tauschten Geschichten aus.<\/p>\n<p>Bei den ersten Malen, als ein Custodes hereinkam, stoppten die Gespr\u00e4che abrupt und nur das leise Summen der Antiabh\u00f6r- und Warpdeflekorapparate war zu h\u00f6ren, als der Custodes <strong>Guilliman<\/strong> etwas zufl\u00fcsterte denn jede Art von Funk war in diesem Raum unm\u00f6glich.<\/p>\n<p>Doch die folgenden Mal gingen die Gespr\u00e4che weiter, auch nahm jetzt niemand das leichte Nicken des Primarchen zur Kenntnis. Erst als zehn weitere Custodes hereintraten und ein Spalier bildetet erstarben die Diskussionen eine nach der anderen. Auf die Custodes folgten Space Marines in grauer und blauer R\u00fcstung, bei deren Anblick einige Vertreter leise Bemerkungen abgaben, das ihnen dieser Orden v\u00f6llig unbekannt sei.<\/p>\n<p>Dann betrat ein Wesen mit den Insignien des Imperiums den Raum, und jeder der Anwesenden, auch ohne das man es ihm gesagt hatte, wusste was er vor sich hatte. Einer nach dem anderen Ordensvertreter kniete in Ehrfurcht nieder. <\/p>\n<p>Die Gestalt, mit der gleichen erhabenen Pr\u00e4senz und Gr\u00f6\u00dfe von <strong>Guilliman<\/strong>, schaute jeden einzelnen Vertreter mit undurchdringlicher Miene an, bevor sich sein Blick auf den Regenten richtete, der ihn mit einem L\u00e4cheln empfing: \u201cNach all der Zeit, Willkommen auf Terra mein Bruder. Anwesende, darf ich vorstellen, <strong>Maska Kangee<\/strong>, Primarch der 2. Legion, den Stormraven\u201d.<\/p>\n<p>Die beiden Halbg\u00f6tter umarmten sich br\u00fcderlich und geboten den Vertretern aufzustehen und gemeinsam mit den Legion\u00e4ren an der Tafel Platz zunehmen. Die Legion\u00e4re waren in modifizierten MK3 aber auch in v\u00f6llig unbekannte R\u00fcstungstypen gekleidet und wurden von <strong>Primarch Kangee <\/strong>nacheinander als Captains verschiedener Kompanien vorgestellt und sp\u00e4testens als die Kompaniebezeichungen zweistellig wurden, war jedem klar, es handelte sich eindeutig um eine Legion und nicht um einen Orden.<\/p>\n<p>Doch kaum war der Schock, einen zweiten lebenden Primarchen gegen\u00fcberzustehen, \u00fcberwunden, offenbarte <strong>Maska Kangee<\/strong> das es urspr\u00fcnglich 25 Primarchen waren, die der Imperator erschaffen hatte. F\u00fcnf im geheimen und zwei wurden sehr gr\u00fcndlich von seinem Bruder <strong>Leman Russ<\/strong> aus der Geschichte getilgt, bei dieser Anekdote grinsten beide Primachen kurz. <\/p>\n<p><strong>Sieben Legion<\/strong> waren \u00fcber den Rand der Galaxis geschickt worden um Verb\u00fcndete und die Siedler des M25 zu finden, welche ebenfalls diese Galaxis verlassen hatten. Einzig der Imperator hatte weiterhin durch irgendeine Apparatur, die <strong>Kangee<\/strong> unbekannt war, Kontakt zu allen sieben seiner Br\u00fcder, er selbst pflegt den Kontakt zu dreien von ihnen.<\/p>\n<p>Ein Raunen ging durch die Anwesenden, doch der Primarch fuhr ungehindert fort. Die 2. Legion hat tats\u00e4chlich einige der Siedler gefunden, aber auch den Kontakt zu, er dehnte das Wort, \u201cVerb\u00fcndeten\u201d aufgebaut. \u201cXenos\u201d, zischte einer der Ordensmeister in dunkelgr\u00fcner R\u00fcstung. \u201cJa es sind in der Tat Xenos, wie ihr sie nennt, doch mein Vater gab uns eindeutige Befehle\u201d, entgegnete <strong>Kangee<\/strong> scharf und der Angesprochene senkte den Kopf in Demut.<\/p>\n<p>Der Imperator sprach von Verb\u00fcndeten f\u00fcr einen finsteren Kampf der kommen w\u00fcrde und er sprach von einem Feind, der m\u00e4chtiger war als alles was das Imperium seitdem kannte, einem Feind vor dem die Xenos die hier als Tyrandien bekannt sind, in diese Galaxis getrieben wurden. Einem Feind dem wir nur mit starken Verb\u00fcndeten, ja auch mit Xenos, gegen\u00fcbertreten k\u00f6nnen.<\/p>\n<p>All dies hatte der Imperator gesehen und hatte darauf die Leitung des Kreuzzuges unserem Bruder <strong>Horus<\/strong> \u00fcberlassen, was sich im Nachhinein als falsche Entscheidung herausstellte. Doch der Imperator hatte noch einen weiteren Auftrag f\u00fcr seine S\u00f6hne\u2026 den Auftrag <strong>seine<\/strong> Br\u00fcder zu finden\u2026.<\/em><\/p>\n","protected":false},"excerpt":{"rendered":"<p>Ich pr\u00e4sentiere den Primarch der 2. Legion der Stormraven, Maska Kangee. (Kommt aus dem Indianischen und hei\u00dft Gro\u00dfer Rabe). Vorwort: Eigentlich wollte ich das Modell des Corvus Corax (der Primarch der Raven Guard) nicht kaufen, dadas Modell mit Sprungmodul und Fl\u00fcgeln nicht zum Hintergrund meiner Legion passte.Au\u00dferdem war mir die \u2026 <a class=\"continue-reading-link\" href=\"https:\/\/www.derkapi.de\/?p=2456\">Mehr nach dem Klick <span class=\"meta-nav\">&rarr; <\/span><\/a><\/p>\n","protected":false},"author":2,"featured_media":0,"comment_status":"open","ping_status":"closed","sticky":false,"template":"","format":"standard","meta":{"footnotes":""},"categories":[12],"tags":[],"class_list":["post-2456","post","type-post","status-publish","format-standard","hentry","category-stormraven"],"_links":{"self":[{"href":"https:\/\/www.derkapi.de\/index.php?rest_route=\/wp\/v2\/posts\/2456","targetHints":{"allow":["GET"]}}],"collection":[{"href":"https:\/\/www.derkapi.de\/index.php?rest_route=\/wp\/v2\/posts"}],"about":[{"href":"https:\/\/www.derkapi.de\/index.php?rest_route=\/wp\/v2\/types\/post"}],"author":[{"embeddable":true,"href":"https:\/\/www.derkapi.de\/index.php?rest_route=\/wp\/v2\/users\/2"}],"replies":[{"embeddable":true,"href":"https:\/\/www.derkapi.de\/index.php?rest_route=%2Fwp%2Fv2%2Fcomments&post=2456"}],"version-history":[{"count":15,"href":"https:\/\/www.derkapi.de\/index.php?rest_route=\/wp\/v2\/posts\/2456\/revisions"}],"predecessor-version":[{"id":2471,"href":"https:\/\/www.derkapi.de\/index.php?rest_route=\/wp\/v2\/posts\/2456\/revisions\/2471"}],"wp:attachment":[{"href":"https:\/\/www.derkapi.de\/index.php?rest_route=%2Fwp%2Fv2%2Fmedia&parent=2456"}],"wp:term":[{"taxonomy":"category","embeddable":true,"href":"https:\/\/www.derkapi.de\/index.php?rest_route=%2Fwp%2Fv2%2Fcategories&post=2456"},{"taxonomy":"post_tag","embeddable":true,"href":"https:\/\/www.derkapi.de\/index.php?rest_route=%2Fwp%2Fv2%2Ftags&post=2456"}],"curies":[{"name":"wp","href":"https:\/\/api.w.org\/{rel}","templated":true}]}}