{"id":3313,"date":"2019-02-17T15:58:47","date_gmt":"2019-02-17T13:58:47","guid":{"rendered":"https:\/\/www.derkapi.de\/?p=3313"},"modified":"2019-02-17T16:02:01","modified_gmt":"2019-02-17T14:02:01","slug":"schwere-hellblasters-der-space-wolves","status":"publish","type":"post","link":"https:\/\/www.derkapi.de\/?p=3313","title":{"rendered":"Schwere Hellblasters der Space Wolves"},"content":{"rendered":"<p><a href=\"https:\/\/www.derkapi.de\/wp-content\/uploads\/2019\/02\/hellblasters1a.jpg\"><img loading=\"lazy\" decoding=\"async\" title=\"hellblasters1a\" style=\"border-left-width: 0px; border-right-width: 0px; background-image: none; border-bottom-width: 0px; padding-top: 0px; padding-left: 0px; display: inline; padding-right: 0px; border-top-width: 0px\" border=\"0\" alt=\"hellblasters1a\" src=\"https:\/\/www.derkapi.de\/wp-content\/uploads\/2019\/02\/hellblasters1a_thumb.jpg\" width=\"604\" height=\"214\"><\/a><\/p>\n<p>Nach dem Battleleader hab ich meine Space Wolves nun um einen Truppe schwerer Hellbasters<br \/>verst\u00e4rkt. Wegen dem \u2018Schwer\u2019 m\u00fcssen die eigentlich station\u00e4r bleiben, was ja so gar nicht den<br \/>W\u00f6lfen entspricht, aber daf\u00fcr richten die auch ordentlich Schaden an \u2013 hoffentlich.<\/p>\n<p><a href=\"https:\/\/www.derkapi.de\/wp-content\/uploads\/2019\/02\/hellblasters1b.jpg\"><img loading=\"lazy\" decoding=\"async\" title=\"hellblasters1b\" style=\"border-left-width: 0px; border-right-width: 0px; background-image: none; border-bottom-width: 0px; padding-top: 0px; padding-left: 0px; display: inline; padding-right: 0px; border-top-width: 0px\" border=\"0\" alt=\"hellblasters1b\" src=\"https:\/\/www.derkapi.de\/wp-content\/uploads\/2019\/02\/hellblasters1b_thumb.jpg\" width=\"604\" height=\"232\"><\/a><\/p>\n<p>Ich habe den Trupp mit ein paar Teilen von hier und dort etwas mehr Richtung W\u00f6lfe gestylt.<br \/>Neben den Runenbildern und Shoulderpads, die anzeigen dass das Rudel zu Kroms Gro\u00dfkompaine<br \/>geh\u00f6rt\u2026<\/p>\n<p><a href=\"https:\/\/www.derkapi.de\/wp-content\/uploads\/2019\/02\/hellblasters1c.jpg\"><img loading=\"lazy\" decoding=\"async\" title=\"hellblasters1c\" style=\"border-left-width: 0px; border-right-width: 0px; background-image: none; border-bottom-width: 0px; padding-top: 0px; padding-left: 0px; display: inline; padding-right: 0px; border-top-width: 0px\" border=\"0\" alt=\"hellblasters1c\" src=\"https:\/\/www.derkapi.de\/wp-content\/uploads\/2019\/02\/hellblasters1c_thumb.jpg\" width=\"604\" height=\"762\"><\/a><\/p>\n<p>\u2026 hat der Rudelf\u00fchrer einen anderen Kopf und Shoulderpad (nicht GW) und die Schnalle vom<br \/>Original SW \u2013Gussrahmen. Mit den Haaren bin ich sehr zu frieden, sie sollten den \u00fcblichen Rotschopf<br \/>(dies ist ja eine frische Gensaat aus 31K) aber auch schon ein gewisses Alter (wir haben ja bereits <br \/>41K und Primaris sind seit 100 Jahre bekannt) zeigen.<\/p>\n<p>Ansonsten hab ich wieder die \u00fcbliche Farbpalette verwendet, Rot f\u00fcr die Waffen als starker<br \/>Kontrast und das Gr\u00fcn, welches ich normalerweise f\u00fcr die Edelsteine bei den SW- verwendet.<\/p>\n<p><a href=\"https:\/\/www.derkapi.de\/wp-content\/uploads\/2019\/02\/hellblasters1d.jpg\"><img loading=\"lazy\" decoding=\"async\" title=\"hellblasters1d\" style=\"border-left-width: 0px; border-right-width: 0px; background-image: none; border-bottom-width: 0px; padding-top: 0px; padding-left: 0px; display: inline; padding-right: 0px; border-top-width: 0px\" border=\"0\" alt=\"hellblasters1d\" src=\"https:\/\/www.derkapi.de\/wp-content\/uploads\/2019\/02\/hellblasters1d_thumb.jpg\" width=\"604\" height=\"750\"><\/a><\/p>\n<p>Das Blau f\u00fcr die Energie-Leitung hab ich gew\u00e4hlt, da es vom Farbton der R\u00fcstung nahesteht.<br \/>Dieser Bruder hat ein Shoulderpad eines anderen Anbieters erhalten und so sieht er gleich mehr<br \/>wie ein Wolf aus, ohne das schlichte Primarisdesign einzub\u00fc\u00dfen.<\/p>\n<p>Ein normaler Hellbastertrupp ist f\u00fcr die SW noch vorgesehen.<\/p>\n<h4>Next:<\/h4>\n<p>Keine Ahnung! Ich habe mehrere Teile in der Mache. F\u00fcr die SW stehen hier noch Termis rum, <br \/>allerdings reizten mich auch die Aggressors. Nurgle m\u00f6chte auch bedient werden und mit was<br \/>\u2019gro\u00dfem\u2019 hab ich auch noch begonnen. Mal schauen wo die Warpst\u00fcrme mich hintreiben.<\/p>\n","protected":false},"excerpt":{"rendered":"<p>Nach dem Battleleader hab ich meine Space Wolves nun um einen Truppe schwerer Hellbastersverst\u00e4rkt. Wegen dem \u2018Schwer\u2019 m\u00fcssen die eigentlich station\u00e4r bleiben, was ja so gar nicht denW\u00f6lfen entspricht, aber daf\u00fcr richten die auch ordentlich Schaden an \u2013 hoffentlich. Ich habe den Trupp mit ein paar Teilen von hier und \u2026 <a class=\"continue-reading-link\" href=\"https:\/\/www.derkapi.de\/?p=3313\">Mehr nach dem Klick <span class=\"meta-nav\">&rarr; <\/span><\/a><\/p>\n","protected":false},"author":2,"featured_media":0,"comment_status":"open","ping_status":"closed","sticky":false,"template":"","format":"standard","meta":{"footnotes":""},"categories":[15],"tags":[],"class_list":["post-3313","post","type-post","status-publish","format-standard","hentry","category-space-wolves"],"_links":{"self":[{"href":"https:\/\/www.derkapi.de\/index.php?rest_route=\/wp\/v2\/posts\/3313","targetHints":{"allow":["GET"]}}],"collection":[{"href":"https:\/\/www.derkapi.de\/index.php?rest_route=\/wp\/v2\/posts"}],"about":[{"href":"https:\/\/www.derkapi.de\/index.php?rest_route=\/wp\/v2\/types\/post"}],"author":[{"embeddable":true,"href":"https:\/\/www.derkapi.de\/index.php?rest_route=\/wp\/v2\/users\/2"}],"replies":[{"embeddable":true,"href":"https:\/\/www.derkapi.de\/index.php?rest_route=%2Fwp%2Fv2%2Fcomments&post=3313"}],"version-history":[{"count":4,"href":"https:\/\/www.derkapi.de\/index.php?rest_route=\/wp\/v2\/posts\/3313\/revisions"}],"predecessor-version":[{"id":3317,"href":"https:\/\/www.derkapi.de\/index.php?rest_route=\/wp\/v2\/posts\/3313\/revisions\/3317"}],"wp:attachment":[{"href":"https:\/\/www.derkapi.de\/index.php?rest_route=%2Fwp%2Fv2%2Fmedia&parent=3313"}],"wp:term":[{"taxonomy":"category","embeddable":true,"href":"https:\/\/www.derkapi.de\/index.php?rest_route=%2Fwp%2Fv2%2Fcategories&post=3313"},{"taxonomy":"post_tag","embeddable":true,"href":"https:\/\/www.derkapi.de\/index.php?rest_route=%2Fwp%2Fv2%2Ftags&post=3313"}],"curies":[{"name":"wp","href":"https:\/\/api.w.org\/{rel}","templated":true}]}}