{"id":3501,"date":"2019-10-05T14:35:00","date_gmt":"2019-10-05T12:35:00","guid":{"rendered":"https:\/\/www.derkapi.de\/?p=3501"},"modified":"2019-10-05T14:37:07","modified_gmt":"2019-10-05T12:37:07","slug":"primaris-scriptor-der-salamanders","status":"publish","type":"post","link":"https:\/\/www.derkapi.de\/?p=3501","title":{"rendered":"Primaris Scriptor der Salamanders"},"content":{"rendered":"<p><a href=\"https:\/\/www.derkapi.de\/wp-content\/uploads\/2019\/10\/primaris_scriptor1a.jpg\"><img loading=\"lazy\" decoding=\"async\" title=\"primaris_scriptor1a\" style=\"border-top: 0px; border-right: 0px; background-image: none; border-bottom: 0px; padding-top: 0px; padding-left: 0px; border-left: 0px; display: inline; padding-right: 0px\" border=\"0\" alt=\"primaris_scriptor1a\" src=\"https:\/\/www.derkapi.de\/wp-content\/uploads\/2019\/10\/primaris_scriptor1a_thumb.jpg\" width=\"604\" height=\"579\"><\/a><\/p>\n<p>Die Salamanders haben hiermit ihren zweiten Zauberer erhalten. Das die Haltung ja so ist,<br \/>als w\u00fcrde er gerade Magie wirken, also dachte ich, ich male den jetzt mal entsprechend an.<br \/>Hmm\u2026 ist jetzt nicht so ganz gelungen.<\/p>\n<p>Ich habe den auch komplett zusammen gebaut und f\u00fcr die Mantelinnenfarbe Lila gew\u00e4hlt, mich <br \/>dann aber f\u00fcr Gr\u00fcn entschieden, weil damit der Bezug zu den Salamanders st\u00e4rker w\u00e4re.<br \/>Hierdurch kam ich an viele Stellen nicht mehr so gut ran.<\/p>\n<p>In Natura (und wenn die Sehsch\u00e4rfe des Betrachters der meines Alters entspricht <img decoding=\"async\" class=\"wlEmoticon wlEmoticon-winkingsmile\" style=\"border-top-style: none; border-left-style: none; border-bottom-style: none; border-right-style: none\" alt=\"Winking smile\" src=\"https:\/\/www.derkapi.de\/wp-content\/uploads\/2019\/10\/wlEmoticon-winkingsmile.png\"> ) sieht der<br \/>aber doch ganz gut aus.<\/p>\n<p><a href=\"https:\/\/www.derkapi.de\/wp-content\/uploads\/2019\/10\/primaris_scriptor1c.jpg\"><img loading=\"lazy\" decoding=\"async\" title=\"primaris_scriptor1c\" style=\"border-top: 0px; border-right: 0px; background-image: none; border-bottom: 0px; padding-top: 0px; padding-left: 0px; border-left: 0px; display: inline; padding-right: 0px\" border=\"0\" alt=\"primaris_scriptor1c\" src=\"https:\/\/www.derkapi.de\/wp-content\/uploads\/2019\/10\/primaris_scriptor1c_thumb.jpg\" width=\"604\" height=\"529\"><\/a><br \/>Beim Schwert h\u00e4tte ich noch ein knalligeres Gelb ben\u00f6tigt, oder ich h\u00e4tte die Rot\/Gelbe in den<br \/>Blaut\u00f6nen des Schwertes halten sollen.<\/p>\n<p><a href=\"https:\/\/www.derkapi.de\/wp-content\/uploads\/2019\/10\/primaris_scriptor1b.jpg\"><img loading=\"lazy\" decoding=\"async\" title=\"primaris_scriptor1b\" style=\"border-top: 0px; border-right: 0px; background-image: none; border-bottom: 0px; padding-top: 0px; padding-left: 0px; border-left: 0px; display: inline; padding-right: 0px\" border=\"0\" alt=\"primaris_scriptor1b\" src=\"https:\/\/www.derkapi.de\/wp-content\/uploads\/2019\/10\/primaris_scriptor1b_thumb.jpg\" width=\"604\" height=\"647\"><\/a><\/p>\n<p>Und einmal der Hintern.<\/p>\n","protected":false},"excerpt":{"rendered":"<p>Die Salamanders haben hiermit ihren zweiten Zauberer erhalten. Das die Haltung ja so ist,als w\u00fcrde er gerade Magie wirken, also dachte ich, ich male den jetzt mal entsprechend an.Hmm\u2026 ist jetzt nicht so ganz gelungen. Ich habe den auch komplett zusammen gebaut und f\u00fcr die Mantelinnenfarbe Lila gew\u00e4hlt, mich dann \u2026 <a class=\"continue-reading-link\" href=\"https:\/\/www.derkapi.de\/?p=3501\">Mehr nach dem Klick <span class=\"meta-nav\">&rarr; <\/span><\/a><\/p>\n","protected":false},"author":2,"featured_media":0,"comment_status":"open","ping_status":"closed","sticky":false,"template":"","format":"standard","meta":{"footnotes":""},"categories":[22],"tags":[],"class_list":["post-3501","post","type-post","status-publish","format-standard","hentry","category-salamanders"],"_links":{"self":[{"href":"https:\/\/www.derkapi.de\/index.php?rest_route=\/wp\/v2\/posts\/3501","targetHints":{"allow":["GET"]}}],"collection":[{"href":"https:\/\/www.derkapi.de\/index.php?rest_route=\/wp\/v2\/posts"}],"about":[{"href":"https:\/\/www.derkapi.de\/index.php?rest_route=\/wp\/v2\/types\/post"}],"author":[{"embeddable":true,"href":"https:\/\/www.derkapi.de\/index.php?rest_route=\/wp\/v2\/users\/2"}],"replies":[{"embeddable":true,"href":"https:\/\/www.derkapi.de\/index.php?rest_route=%2Fwp%2Fv2%2Fcomments&post=3501"}],"version-history":[{"count":1,"href":"https:\/\/www.derkapi.de\/index.php?rest_route=\/wp\/v2\/posts\/3501\/revisions"}],"predecessor-version":[{"id":3502,"href":"https:\/\/www.derkapi.de\/index.php?rest_route=\/wp\/v2\/posts\/3501\/revisions\/3502"}],"wp:attachment":[{"href":"https:\/\/www.derkapi.de\/index.php?rest_route=%2Fwp%2Fv2%2Fmedia&parent=3501"}],"wp:term":[{"taxonomy":"category","embeddable":true,"href":"https:\/\/www.derkapi.de\/index.php?rest_route=%2Fwp%2Fv2%2Fcategories&post=3501"},{"taxonomy":"post_tag","embeddable":true,"href":"https:\/\/www.derkapi.de\/index.php?rest_route=%2Fwp%2Fv2%2Ftags&post=3501"}],"curies":[{"name":"wp","href":"https:\/\/api.w.org\/{rel}","templated":true}]}}