{"id":4080,"date":"2021-07-09T10:09:20","date_gmt":"2021-07-09T08:09:20","guid":{"rendered":"https:\/\/www.derkapi.de\/?p=4080"},"modified":"2021-07-10T16:29:20","modified_gmt":"2021-07-10T14:29:20","slug":"feindinnen-ernsthaft","status":"publish","type":"post","link":"https:\/\/www.derkapi.de\/?p=4080","title":{"rendered":"Feind:innen? Ernsthaft?!"},"content":{"rendered":"<p><a href=\"https:\/\/www.derkapi.de\/wp-content\/uploads\/2021\/07\/gender_wahn1.jpg\"><img loading=\"lazy\" decoding=\"async\" style=\"background-image: none; padding-top: 0px; padding-left: 0px; display: inline; padding-right: 0px; border-width: 0px;\" title=\"gender_wahn1\" src=\"https:\/\/www.derkapi.de\/wp-content\/uploads\/2021\/07\/gender_wahn1_thumb.jpg\" alt=\"gender_wahn1\" width=\"604\" height=\"619\" border=\"0\" \/><\/a><br \/>\n(Bild: IOS, Disney+ \u2013 Werbung)<\/p>\n<h1>Die Welt wird immer gekloppter!<\/h1>\n<p>Ich habe Feinde immer f\u00fcr <strong>geschlechtsneutral<\/strong> gehalten, aber wenn man diesen unn\u00f6tigen<br \/>\n<strong>#Gender Mist<\/strong> schon unterst\u00fctzt, was bitte ist dann mit Mitglieder?<br \/>\nIch glaube Rachel + Florence geh\u00f6ren nicht in die <strong>Gruppe<\/strong> <strong>Mit Glied<\/strong>, sondern nur David.<br \/>\nOmG, muss das auch gegendert werden, brauchen wir da ein neues Wort?<br \/>\nSprechen wir jetzt erzwungen besser von Gruppe \u00e4h oh nein besser GruppInnen?<br \/>\nOder kommen wir mit <strong>Mitglieder:Innen<\/strong> gerade noch mit dem blauen Auge davon,<br \/>\nobwohl beides ja eigentlich Geschlechtsneutral ist?<\/p>\n<p>Verdammt, das ist zu viel f\u00fcr mich, ich muss zu meinem <strong>M\u00e4nner-Parkplatz <\/strong>um mein FahrradIn<br \/>\nzu holen, ich muss hier weg*innen!<\/p>\n","protected":false},"excerpt":{"rendered":"<p>(Bild: IOS, Disney+ \u2013 Werbung) Die Welt wird immer gekloppter! Ich habe Feinde immer f\u00fcr geschlechtsneutral gehalten, aber wenn man diesen unn\u00f6tigen #Gender Mist schon unterst\u00fctzt, was bitte ist dann mit Mitglieder? Ich glaube Rachel + Florence geh\u00f6ren nicht in die Gruppe Mit Glied, sondern nur David. OmG, muss das \u2026 <a class=\"continue-reading-link\" href=\"https:\/\/www.derkapi.de\/?p=4080\">Mehr nach dem Klick <span class=\"meta-nav\">&rarr; <\/span><\/a><\/p>\n","protected":false},"author":2,"featured_media":0,"comment_status":"open","ping_status":"closed","sticky":false,"template":"","format":"standard","meta":{"footnotes":""},"categories":[1],"tags":[],"class_list":["post-4080","post","type-post","status-publish","format-standard","hentry","category-allgemeines"],"_links":{"self":[{"href":"https:\/\/www.derkapi.de\/index.php?rest_route=\/wp\/v2\/posts\/4080","targetHints":{"allow":["GET"]}}],"collection":[{"href":"https:\/\/www.derkapi.de\/index.php?rest_route=\/wp\/v2\/posts"}],"about":[{"href":"https:\/\/www.derkapi.de\/index.php?rest_route=\/wp\/v2\/types\/post"}],"author":[{"embeddable":true,"href":"https:\/\/www.derkapi.de\/index.php?rest_route=\/wp\/v2\/users\/2"}],"replies":[{"embeddable":true,"href":"https:\/\/www.derkapi.de\/index.php?rest_route=%2Fwp%2Fv2%2Fcomments&post=4080"}],"version-history":[{"count":11,"href":"https:\/\/www.derkapi.de\/index.php?rest_route=\/wp\/v2\/posts\/4080\/revisions"}],"predecessor-version":[{"id":4117,"href":"https:\/\/www.derkapi.de\/index.php?rest_route=\/wp\/v2\/posts\/4080\/revisions\/4117"}],"wp:attachment":[{"href":"https:\/\/www.derkapi.de\/index.php?rest_route=%2Fwp%2Fv2%2Fmedia&parent=4080"}],"wp:term":[{"taxonomy":"category","embeddable":true,"href":"https:\/\/www.derkapi.de\/index.php?rest_route=%2Fwp%2Fv2%2Fcategories&post=4080"},{"taxonomy":"post_tag","embeddable":true,"href":"https:\/\/www.derkapi.de\/index.php?rest_route=%2Fwp%2Fv2%2Ftags&post=4080"}],"curies":[{"name":"wp","href":"https:\/\/api.w.org\/{rel}","templated":true}]}}