{"id":4754,"date":"2024-08-26T17:02:09","date_gmt":"2024-08-26T15:02:09","guid":{"rendered":"https:\/\/www.derkapi.de\/?p=4754"},"modified":"2025-03-17T15:12:57","modified_gmt":"2025-03-17T13:12:57","slug":"norn-emissary","status":"publish","type":"post","link":"https:\/\/www.derkapi.de\/?p=4754","title":{"rendered":"Norn-Emissary"},"content":{"rendered":"<p><a href=\"https:\/\/derkapi.de\/wp-content\/uploads\/2024\/08\/norn_emissary1a.jpg\"><img loading=\"lazy\" decoding=\"async\" width=\"604\" height=\"742\" title=\"norn_emissary1a\" style=\"display: inline; background-image: none;\" alt=\"norn_emissary1a\" src=\"https:\/\/derkapi.de\/wp-content\/uploads\/2024\/08\/norn_emissary1a_thumb.jpg\" border=\"0\"><\/a><\/p>\n<p>Das bisher gr\u00f6\u00dfte Tyraniden-Plastik-Modell ist nach langer Zeit des nicht-malen fertig.<br \/>\nAngefangen hatte ich mit dem letzten Trupp Nightlords, doch das Trim-Bemalen war mir irgendwann<br \/>\nviel zu anstrengen. Und zwischendurch war ich nat\u00fcrlich auch mit der EDV-Umr\u00fcstung besch\u00e4ftigt<br \/>\n(Siehe unten).<br \/>&nbsp; <br \/>\n<a href=\"https:\/\/derkapi.de\/wp-content\/uploads\/2024\/08\/norn_emissary1b.jpg\"><img loading=\"lazy\" decoding=\"async\" width=\"604\" height=\"795\" title=\"norn_emissary1b\" style=\"display: inline; background-image: none;\" alt=\"norn_emissary1b\" src=\"https:\/\/derkapi.de\/wp-content\/uploads\/2024\/08\/norn_emissary1b_thumb.jpg\" border=\"0\"><\/a><\/p>\n<p>Das Modell ist richtig nice. Ob es auf dem Feld (falls wir je mal wieder zum spielen kommen) was<br \/>\nausrichtet, muss man sehen. Zumal die Regeln ja auch f\u00fcr die 10 Edition sind und f\u00fcr die 9. angepasst<br \/>\nwerden m\u00fcssen.<\/p>\n<p><a href=\"https:\/\/derkapi.de\/wp-content\/uploads\/2024\/08\/norn_emissary1c.jpg\"><img loading=\"lazy\" decoding=\"async\" width=\"604\" height=\"552\" title=\"norn_emissary1c\" style=\"display: inline; background-image: none;\" alt=\"norn_emissary1c\" src=\"https:\/\/derkapi.de\/wp-content\/uploads\/2024\/08\/norn_emissary1c_thumb.jpg\" border=\"0\"><\/a><\/p>\n<p>Die Farben sind wie immer, beim Hirn und Giftdr\u00fcsen (oder was das ist) habe ich mich f\u00fcr ein leuchtendes<br \/>\nGiftgr\u00fcn entschieden, das diese schon beim Tyrannofex 2 sehr gut wirkte.<\/p>\n<p><a href=\"https:\/\/derkapi.de\/wp-content\/uploads\/2024\/08\/norn_emissary1d.jpg\"><img loading=\"lazy\" decoding=\"async\" width=\"604\" height=\"1018\" title=\"norn_emissary1d\" style=\"display: inline; background-image: none;\" alt=\"norn_emissary1d\" src=\"https:\/\/derkapi.de\/wp-content\/uploads\/2024\/08\/norn_emissary1d_thumb.jpg\" border=\"0\"><\/a><\/p>\n<p>Auch das Rosa wirkt recht gut bei den Wucherungen.<\/p>\n<h4>Was bisher geschah:<\/h4>\n<p>Ich hatte irgendwie wenig Lust zum Malen in letzter Zeit. Zum Einen habe ich mich jetzt in die bisher nicht genutzte STL und C++ 11 eingearbeitet und zum Anderen war ich meine Brummkisten leid!<\/p>\n<p>Aktuell nutzte ich zwei Desktoprechner, einen Entwicklungsrechner 1 TB SSD, 3 TB HDD, 32 GB, Ryzen 9 5950X und einen Testrechner I7 6800K, 1TB SSD, 4 TB HDD, 24 GB.<\/p>\n<p>Auf dem Testrechner l\u00e4uft VMware Workstation, was gef\u00fchlt immer eine Ewigkeit ben\u00f6tigt, darum wurde hier f\u00fcr Kleineres schon Windows Sandbox genutzt.<\/p>\n<p>Bei beiden Desktops laufen st\u00e4ndig L\u00fcfter und erzeugen ein st\u00e4ndiges Grundrauschen. Der Ryzen 9 sollte eigentlich Silen sein, allergings hat die L\u00fcftersteuerung von Anfang an nicht korrekt funktioniert, weshalb auch Fancontrol l\u00e4uft um die L\u00fcfter zu regeln.<\/p>\n<p>Was aber richtig nervt, ist die HDD, die \u2013 ich habe keine Ahnung was Windows, GData oder Visual Studio &#8211;&nbsp; da st\u00e4ndig macht, das diese zeitweise komplett am tickern ist. Und erst das Anhalten einiger Tasks z. B. Indexer und Phone Ruhe bringen. Selbst mit dem Einbau einer weiteren SSD statt HDD, w\u00e4re ja noch die L\u00fcfter bei beiden Desktops und das Umzugsproblem.<\/p>\n<p>Weiterhin war bei jedem Rechner-Upgrade das Problem, das Visual Studio 6, 10, 2013, 2015 eingerichtet werden mussten, weil halt noch MFC42-Code kompiliert und debuggt werden muss. Was auch ein Grund daf\u00fcr ist sich mit der STL zu besch\u00e4ftigen, damit bei bestimmten Komponenten von MFC42 (VS6) auf STL (aktuelles VS) gewechselt werden kann. <br \/>VC installieren wird von Windows zu Windows schwieriger und bedarf einiger Ticks. Damit Debuggen l\u00e4uft, kann maximal VS 2015 installiert werden. <br \/>VS 2017 oder h\u00f6her \u00e4ndert etwas intern, so das es nicht mehr geht. Mit VS2015 ist maximal C++ 11 m\u00f6glich, warum dieses meine aktuelle Obergrenze war. Sprich von C++ 98, 03 auf 11.<\/p>\n<p>Der Testrechner war ein anderes Problem. VMWare l\u00e4uft arschlangsam, ok die die SSD ist nicht die <br \/>schnellste und die HDD auch nicht, aber das Ganze lief fr\u00fcher deutlich fixer trotz weniger performanten Hardware. Bei VMWare hat sich inzwischen vieles ge\u00e4ndert, Verkauf, Funktion eingestampft, Workstation aktuell Free. Dennoch ist die Situation nicht zukunftssicher. Und es ist laaaaaangsam!<\/p>\n<p>All diese Probleme brachten mich zu der L\u00f6sung, die der liebe Volker mir schon vor Jahren riet: Virtualisierung.<\/p>\n<p>Getestet sollte auf einem Mini-PC und entwickelt auf einem Notebook werden. Beide verf\u00fcgen zwar auch \u00fcber L\u00fcfter, die auch mal hochdrehen k\u00f6nnen, ansonsten aber aus sind. Also lautlos.<\/p>\n<p>Der erste Gedanke war die VMs auf einer NAS zu betreiben, das w\u00e4re aber auch sehr langsam gewesen, die meisten NAS nicht auf Geschwindigkeit ausgelegt sind \u2013 wozu auch \u2013 und damit VMs wieder im Schneckentempo laufen w\u00fcrden. Was eine VM mit VS auf dem NAS, allein wegen der Schnelligkeit nicht praktikabel machte.<\/p>\n<p>Da das Notebook mit Samsung Book4 Ultra schon feststand \u2013 ok Alienware war auch in der \u00dcberlegung, es sollte aber wegen des Phones und sp\u00e4terem PAD aber dann Samsung werden, musste nur noch der Mini-PC festgelegt werden. Dieser wurde ein MS-01 von Minisforum, I9 12900H, 32 GB und 1 + 4 TB NVME. <br \/>Auf welchem Proxmox als Virtualisierung laufen sollte.<\/p>\n<p>Dort sind nun alle Systeme von XP zu 11 drauf und es l\u00e4uft eine NAS f\u00fcr den Datenaustausch zwischen VMs, Desktop-Rechner und Notebook, was inzwischen sehr gut klappt. Proxmox liefert als VM f\u00fcr mich die gleichen Funktion wie VMWare Workstation, dank NVMEs l\u00e4uft es aber rasend schnell und die Kiste hat 2,5\/10GB-Lan<br \/>und Thunderbold\/USB-C.<\/p>\n<p>Der Weg war etwas steinig, da ich mich in die Proxmox- und Linux-Konfiguration einarbeiten musste und so gut wie jeden Stolperstein gefunden habe &#8211; juhuu. Also ich hab Proxmox mehrmals und Windows + VC unz\u00e4hlige Male installiert. Ein Unding ist es mMn, das man mit Bordmitteln in Windows nicht die Position von Partionen \u00e4ndern kann. Sorry Microsoft, aber das w\u00e4re viel n\u00f6tiger! <br \/>Anstatt das Startmen\u00fc vollzum\u00fcllen, sollte man sich damit besch\u00e4ftigen!<\/p>\n<p>Zur Laust\u00e4rke, das Notebook und der MS-01 k\u00f6nnen hochdrehen und dann auch kurzfristig (was meiste beim Start der VMs oder Windows Update der Fall ist) durchaus laut sein, sind aber wenn die Last wegf\u00e4llt so gut wie lautlos.<\/p>\n<p>Beim MS-01 h\u00e4tte das Geh\u00e4use gr\u00f6\u00dfer sein d\u00fcrfen, damit dieser Platz f\u00fcr eine besser K\u00fchlung h\u00e4tte. <br \/>Das Notebook ist mir etwas zu limitiert. Max 1 TB und nur 32 GB sind bei aktuellen Notebooks ein Bullsh*t!<br \/>Warum Alienware auch eine Option gewesen ist. Dort w\u00e4re 64 GB und 8 TB m\u00f6glich. Nun haben aktuell<br \/>beide 32 GB RAM, sch\u00f6ner w\u00e4ren 64 GB, was beim MS-01 ja noch m\u00f6glich ist. Beim Book4 k\u00f6nnte eine weitere NVME mit max 2 TB rein.<\/p>\n<p>Das Notebook h\u00e4ngt an einer Sonnettech Echo 20 Superdock mit einer internen EVO Samsung 2 TB. <br \/>Das Ding hat gen\u00fcgen USB- und USB-C -Anschl\u00fcsse und einen 2,5 LAN-Anschluss, welcher am neuen 2,5\/10 Switch h\u00e4ngt.<\/p>\n<p>Damit steht die 10 GBs-Option offen, wobei aktuell 2,5 genutzt wird. 10 w\u00e4re wieder mehr Strom und h\u00f6here Hitzeentwicklung im\/am MS-01. In der aktuellen Konstellation ben\u00f6tige ich 10 GBs aber gar nicht mehr. Der Source sollte in einer ersten Planung ja auf dem MS-01 in der NAS liegen, was dann 10 GBs n\u00f6tig gemacht h\u00e4tte.<\/p>\n<p>Erst hatte ich geplant, auch die VS in einer VM auf dem MS-01 laufen zu lassen, dies h\u00e4tte aber bedeutet, das immer Notebook und MS-01 laufen m\u00fcssten, was dies wegen des Ger\u00e4uschpegel und den Stromverbrauch nicht wirklich erstrebenswert machte. Hinzu k\u00e4me die Ein und Ausschalt-Zeiten etc.&nbsp; <br \/>Das NAS ben\u00f6tigt etwas Zeit zum runterfahren, es war nie geplant, das der MS-01 7\/24 l\u00e4uft.<\/p>\n<p>Auf dem Notebook sollte erst VirtualBox laufen, welche aber von Anfang an alle Kerne auslastete (im Leerlauf) und nach der Installation der Gast-Treiber im VM-Bluescreen endete. VMWare-Workstation lief trotz NVME<br \/>(fast 7 GBs lesend) im Schneckentempo, nein danke. Also wurde es Hyper-V. Ist ohne Zusatz-Software in Windows enthalten und kam von Anfang an mit dem I9 185H und der anderen Hardware klar, l\u00e4uft fix, bietet Snapshots und alles was ich sonst ben\u00f6tige.<\/p>\n<p>Wenn nun ein Rechnerwechsel anliegt, m\u00fcssen nur die VMs umziehen und ich w\u00e4re arbeitsbereit. <br \/>Die komplette Einrichtung w\u00fcrde immer noch etwas Zeit ben\u00f6tigen, die Einrichtung von VS entf\u00e4llt allerdings.<\/p>\n<p>Ich arbeite in der VM dann zwar immer mit Windows 11 \u2013 theoretisch \u2013 das stellt aber nicht das Problem da.<br \/>Man k\u00f6nnte das&nbsp; Windows upgraden und dank Snapshots zur\u00fcck gehen, wenn ein Windows 12+ das System<br \/>zerschie\u00dft.<\/p>\n<p>Weiterhin kann ich auf VS 2022 gehen, da dann alter Code in der anderen VM kompiliert bzw. debuggt werden kann. Die Einarbeitung von C++ 11 auf 14+17+20+23+(26) ist bereits vorgesehen, Hirn-Explosion inklusive.<\/p>\n<p>Der Source wird auf eine NVME in der Dockingstation mit Bitlocker laufen, die VM liegen auf der interne NVME.&nbsp; Die Dockingstation verteilt zwar nur 10 GBs, die Geschwindigkeit liegt bei SEQ1M L842 \/ W629 und RND4k bei L357 \/ W244 was das 3 bis 8 fache der Leistung der aktuellen internen HDD ist.<\/p>\n<p>Backups gehen durch USB-C, 3.2 sehr fix. Das DAS wird das Lager f\u00fcr Langzeit Backups (Raid1) und Datengrab auf der NVME.<\/p>\n<p>Das DAS ein Terramaster D8 ist sehr leise. Ab und an springt der L\u00fcfter mal an, die HDDs sind eher im Ruhemodus, der Zugriff auf die NVME liegt bei vollen 1Gbs, ein Thunderbold 3\/4 w\u00e4re nice gewesen, ist aber nicht wirklich n\u00f6tig &#8211; in meinem Fall.<\/p>\n<p>Das (Backup) REV-Laufwerk hat ausgedient, da 650 GB immer knapp waren (jetzt k\u00f6nnte es reichen) und das Ding auch nicht sehr fix ist. Eine Thunderbold SSD kostet aktuell 140 Euro (1TB) und Lie\u00df\/Schreibt mit knapp 2 GBs (am Book4),&nbsp; l\u00e4sst sich&nbsp; verschl\u00fcsseln und kann damit einfach auch als externe au\u00dfer Haus Kopie verwendet werden.<\/p>\n<p>Monitore: Auf die VMs (Hyper-V oder Proxmox) wird sich per Remote-Desktop eingeloggt. <br \/>Das aktuelle Problem ist aber, der 4K (3820&#215;2160) ist nicht h\u00f6henverstellbar (frag mich warum), der LG hat nur alte Anschl\u00fcsse (kein HDMI), der DELL&nbsp; bietet dagegen alles inkl. Drehen des Displays. <br \/>Es kommt also noch ein 5K Monitor 5120 x 2880 (vermutlich LG) dazu und der DELL wird gedreht. <br \/>Der Monitor, Maus und Tastatur des Notebooks wird im Allgemeinen dann nicht verwendet und es liegt vermutlich an der Seite. Maus und Tastatur h\u00e4ngen am Dock. Es besteht aber die M\u00f6glichkeit, den Source auf eine Thunderbold SSD zu klonen und mobil zu arbeiten. Durch Hardware- oder Bitlocker-Kodierung ist das jetzt weniger problematisch.<\/p>\n<p>Ich \u201ck\u00f6nnte\u201d auf Volkers Segelboot in der Karibik aus arbeiten <img loading=\"lazy\" decoding=\"async\" width=\"19\" height=\"19\" alt=\"Winking smile\" src=\"data:image\/png;base64,iVBORw0KGgoAAAANSUhEUgAAABMAAAATCAYAAAByUDbMAAAAAXNSR0IArs4c6QAAAARnQU1BAACxjwv8YQUAAAAJcEhZcwAADsMAAA7DAcdvqGQAAAQESURBVDhPdZR7TJtVGMZPKS0gsA2kzWJNY8jcH5oYzWKicVNn\/EMTL4thbmzFgZkjOIMmuK2xMROHgiVmTow6sS7iTEZJNlxNWy5CoVAouCELrFAdl8oo0HIpl9IPaB\/f87U1YrY3eZLm63d+3\/M+5z2H3alWHJmq5Q6lLmBT2hZaFBNzTVnwWbImpk2Ztqn6TJ2nNlMVe\/XuhYGH5CtdSv1ytyIYGn4JG5OFiPiLgfl3Eb6di\/WhZ7DSkY3Jum3B8Yvb9ANGJo8t3VyL17crgt1KpzC2Dwh9Q\/oKCFYCSx8BgfcRnnoLvV8egvW4WlTfd8fw1\/dbe9zn0hQxRLS4Iw7amCkAwkZg4ydAOE\/As8BKGcFOwlXzOIYul2F13ivq5iUdhs\/K4KpKcw6c\/o\/DlW5leduZB1DzKvtXbnMewb4gd58Q7BQsRSoIS7OI1+rshOhwoTYZ\/eWp5VEQD7tLIWCjll75BYgY4ba8GQX++jrByNniKZiOpIkQg8EAjUYj\/r5ygAHdEtw4kyr8fjpZzZY6FaWhEQ3c1sJNzuJym14m2AlYCrfD77KDvi9q6g+L+AxOhrkLcji1SaUs0Ka0b\/g+jOYk6gKwRnkJ56iXCsqM\/gu8h9Gre0QncdXnSjFuIGcOBuFKAhwlcjub\/y3LG1nURwMX9XU0q9XPqMVS0RUW3gHm8kn0zKsFPEXAyBGgk2AdDGGLBB3Fci+bbcoSsFyJuWEdrLqn4Kh6EUMmDYKTtIiywgKfs6MEeQ249SQwmA1c2wJ0EchOaic1M7QVyQXmt9zrDftPoLVsD64WP4ZbDW8g+HdJzBEHHQOmDwJjzwE3HwauKymnJNERbKQWcmaSwHZU5mX8iKyPHqKFJ9Go24Xeb58XM8L8cWqLHHHQOD0begTovx\/ouSfaXgzEXa3+KEFzvszGvPUZ2mXnE7SwCGPWV1BXkI1r53cDPsqEtza6Fxh+lEBqoJfac0jhu8Tg+zkKgpXB86kUTYcTtey2MUM9WZchYDKXXORhuvMF1OWrULMvE4PVOzFj2YG1HhXW7OmYMUoxqGeopZEZqSJQA0PExNCalyg07WdqcXD5oV1u2UHtPEvajcifu+D6QQ3z21tQvVeGip0SVDzIUP00g7mAwUXANYLAzDBWKoX1oFQvgnjx0z9i2OoUWu+jbGi3BiibPgXC3elYb09CqJEhZGFYJydhEnfEQb5KKRoOJDiN+\/93e\/DTzw9toC6dQk4mycSBFHeNb38sbJ4Rb2384yjInMM23xrx8nzOUm5UpOr76az5DTKELieIAxnffr5rngopWjSJAm+tNoelxJbevfo+SFE5tcm6rhK5jU92e5FcnCO+\/Y2HE3XNOewONy1j\/wBSx0pf+lqmqAAAAABJRU5ErkJggg==\">.<\/p>\n<p>Am Ende sieht das Umstieg so aus:<\/p>\n<p>Von 2 Desktops, Backups auf REV und USB (2.0-3.0) mit 1x 4K (Test) und 2x 1920*1200 Monitor (Entwicklung) auf:<\/p>\n<p>Notebook, Mini-PC, 1 x 5K (fehlt noch) und einen 1200*1920 Monitor, Dockingstation (Notebook) mit interner 2 TB NVME und DAS mit 2x 6TB Raid 1 und 2 TB NVME (2 weitere m\u00f6glich). <br \/>Das Dock k\u00f6nnte auch ne 4TB&nbsp; aufnehmen, wodurch das DAS nur noch Backup w\u00e4re.<\/p>\n<p>Aktuell arbeite ich noch auf den alten Entwickungsrechner, das \u00e4ndert sich im Oktober.<\/p>\n<p><\/p>\n<p>Next:<br \/>\nJa malen \u2013 puh, die Nightlords halt und Tyraniden. Und vielleicht hab ich endlich die Mu\u00dfe die <br \/>\nAutos der World Eaters zu oil-washen.<\/p>\n","protected":false},"excerpt":{"rendered":"<p>Das bisher gr\u00f6\u00dfte Tyraniden-Plastik-Modell ist nach langer Zeit des nicht-malen fertig. Angefangen hatte ich mit dem letzten Trupp Nightlords, doch das Trim-Bemalen war mir irgendwann viel zu anstrengen. Und zwischendurch war ich nat\u00fcrlich auch mit der EDV-Umr\u00fcstung besch\u00e4ftigt (Siehe unten).&nbsp; Das Modell ist richtig nice. Ob es auf dem Feld \u2026 <a class=\"continue-reading-link\" href=\"https:\/\/www.derkapi.de\/?p=4754\">Mehr nach dem Klick <span class=\"meta-nav\">&rarr; <\/span><\/a><\/p>\n","protected":false},"author":2,"featured_media":0,"comment_status":"open","ping_status":"closed","sticky":false,"template":"","format":"standard","meta":{"footnotes":""},"categories":[32,9],"tags":[],"class_list":["post-4754","post","type-post","status-publish","format-standard","hentry","category-technik","category-tyraniden"],"_links":{"self":[{"href":"https:\/\/www.derkapi.de\/index.php?rest_route=\/wp\/v2\/posts\/4754","targetHints":{"allow":["GET"]}}],"collection":[{"href":"https:\/\/www.derkapi.de\/index.php?rest_route=\/wp\/v2\/posts"}],"about":[{"href":"https:\/\/www.derkapi.de\/index.php?rest_route=\/wp\/v2\/types\/post"}],"author":[{"embeddable":true,"href":"https:\/\/www.derkapi.de\/index.php?rest_route=\/wp\/v2\/users\/2"}],"replies":[{"embeddable":true,"href":"https:\/\/www.derkapi.de\/index.php?rest_route=%2Fwp%2Fv2%2Fcomments&post=4754"}],"version-history":[{"count":18,"href":"https:\/\/www.derkapi.de\/index.php?rest_route=\/wp\/v2\/posts\/4754\/revisions"}],"predecessor-version":[{"id":4802,"href":"https:\/\/www.derkapi.de\/index.php?rest_route=\/wp\/v2\/posts\/4754\/revisions\/4802"}],"wp:attachment":[{"href":"https:\/\/www.derkapi.de\/index.php?rest_route=%2Fwp%2Fv2%2Fmedia&parent=4754"}],"wp:term":[{"taxonomy":"category","embeddable":true,"href":"https:\/\/www.derkapi.de\/index.php?rest_route=%2Fwp%2Fv2%2Fcategories&post=4754"},{"taxonomy":"post_tag","embeddable":true,"href":"https:\/\/www.derkapi.de\/index.php?rest_route=%2Fwp%2Fv2%2Ftags&post=4754"}],"curies":[{"name":"wp","href":"https:\/\/api.w.org\/{rel}","templated":true}]}}