{"id":4842,"date":"2025-05-23T12:36:55","date_gmt":"2025-05-23T10:36:55","guid":{"rendered":"https:\/\/www.derkapi.de\/?p=4842"},"modified":"2025-05-25T11:22:00","modified_gmt":"2025-05-25T09:22:00","slug":"skarbrand","status":"publish","type":"post","link":"https:\/\/www.derkapi.de\/?p=4842","title":{"rendered":"Skarbrand"},"content":{"rendered":"<p><a href=\"https:\/\/derkapi.de\/wp-content\/uploads\/2025\/05\/skarbrand2.png\"><img loading=\"lazy\" decoding=\"async\" width=\"604\" height=\"836\" title=\"skarbrand2\" style=\"display: inline; background-image: none;\" alt=\"skarbrand2\" src=\"https:\/\/derkapi.de\/wp-content\/uploads\/2025\/05\/skarbrand2_thumb.png\" border=\"0\"><\/a><\/p>\n<p><strong>Skarbrand<\/strong> lag schon ewig auf dem Schrank. Zu einer Zeit gekauft, als Weihnachtsm\u00e4rkte noch nicht Winterm\u00e4rkte genannt wurden und man diese noch nicht mit Betonpollern und Polizei absichern musste.<\/p>\n<p>Als das Fernsehen noch f\u00fcr Unterhaltung da war und nicht unter dem Vorwand gegen Hass und Hetze zu sein, eben Hass und Hetze verbreitete und diese sich auch noch von seinen Opfern bezahlen l\u00e4sst.<\/p>\n<p>Man gewinnt also immer mehr den Eindruck, wir sind seit Jahren l\u00e4ngst vom Chaos unterwandert und der brave imperiale B\u00fcrger soll einem sch\u00e4ndlichen Ideal \u00e4h Chaosgott geopfert werden und dieses am Besten auch noch gut finden \u2013 nun, bei einigen klappt das ja bereits.<\/p>\n<p>Sieht man deutlich an den vernunftlosen Kultisten auf den Stra\u00dfen, welche aus dubiosen Quellen \u2013 vermutlich der Alpha-Legion, bezahlt werden. Fragt sich, welches linke, b\u00f6se Ritual geplant ist und wer am Ende zum D\u00e4monenprinz aufsteigen soll.<\/p>\n<p><a href=\"https:\/\/derkapi.de\/wp-content\/uploads\/2025\/05\/skarbrand1.png\"><img loading=\"lazy\" decoding=\"async\" width=\"604\" height=\"856\" title=\"skarbrand1\" style=\"display: inline; background-image: none;\" alt=\"skarbrand1\" src=\"https:\/\/derkapi.de\/wp-content\/uploads\/2025\/05\/skarbrand1_thumb.png\" border=\"0\"><\/a><\/p>\n<p>Nun gut, dieser hier will wie alle Roten auch Hass und Hetze verbreiten und K\u00f6pfe braver B\u00fcrger, ach was Jedermanns Kopf f\u00fcr den Blutgott Khorne sammeln.<br \/>Also recht gradlinig der Kleine.<\/p>\n<p>Er und Angron k\u00f6nnten auf dem Feld schon f\u00fcr etwas Aufregung sorgen, da ja Beide eine Regel haben, das man nur noch wilder wird oder sich aus dem Nahkampf nicht zur\u00fcck ziehen kann.<\/p>\n<p><img loading=\"lazy\" decoding=\"async\" width=\"604\" height=\"754\" title=\"skarbrand3\" style=\"display: inline; background-image: none;\" alt=\"skarbrand3\" src=\"https:\/\/derkapi.de\/wp-content\/uploads\/2025\/05\/skarbrand3_thumb.png\" border=\"0\"><\/p>\n<p>Nun gut, das Modell ist klasse und von allen Blutd\u00e4monen von GW mein Liebling. Und Rot, Schwarz Gold \u2013 hmmm \u2013 geht ja auch recht fix zu malen.<\/p>\n<p>Die <strong>Wold Eaters<\/strong> haben damit etwas D\u00e4monen-Unterst\u00fctzung und ich bin eine weiteren Kasten vom Schrank los.<\/p>\n<p><\/p>\n<h4>Next:<\/h4>\n<p>Ehrlich gesagt, keine Ahnung. Mal schauen vielleicht eines der Charaktermodelle die hier rumliegen. Mal schauen.<\/p>\n","protected":false},"excerpt":{"rendered":"<p>Skarbrand lag schon ewig auf dem Schrank. Zu einer Zeit gekauft, als Weihnachtsm\u00e4rkte noch nicht Winterm\u00e4rkte genannt wurden und man diese noch nicht mit Betonpollern und Polizei absichern musste. Als das Fernsehen noch f\u00fcr Unterhaltung da war und nicht unter dem Vorwand gegen Hass und Hetze zu sein, eben Hass \u2026 <a class=\"continue-reading-link\" href=\"https:\/\/www.derkapi.de\/?p=4842\">Mehr nach dem Klick <span class=\"meta-nav\">&rarr; <\/span><\/a><\/p>\n","protected":false},"author":2,"featured_media":0,"comment_status":"open","ping_status":"closed","sticky":false,"template":"","format":"standard","meta":{"footnotes":""},"categories":[6,31],"tags":[],"class_list":["post-4842","post","type-post","status-publish","format-standard","hentry","category-chaos","category-world-eaters"],"_links":{"self":[{"href":"https:\/\/www.derkapi.de\/index.php?rest_route=\/wp\/v2\/posts\/4842","targetHints":{"allow":["GET"]}}],"collection":[{"href":"https:\/\/www.derkapi.de\/index.php?rest_route=\/wp\/v2\/posts"}],"about":[{"href":"https:\/\/www.derkapi.de\/index.php?rest_route=\/wp\/v2\/types\/post"}],"author":[{"embeddable":true,"href":"https:\/\/www.derkapi.de\/index.php?rest_route=\/wp\/v2\/users\/2"}],"replies":[{"embeddable":true,"href":"https:\/\/www.derkapi.de\/index.php?rest_route=%2Fwp%2Fv2%2Fcomments&post=4842"}],"version-history":[{"count":6,"href":"https:\/\/www.derkapi.de\/index.php?rest_route=\/wp\/v2\/posts\/4842\/revisions"}],"predecessor-version":[{"id":4848,"href":"https:\/\/www.derkapi.de\/index.php?rest_route=\/wp\/v2\/posts\/4842\/revisions\/4848"}],"wp:attachment":[{"href":"https:\/\/www.derkapi.de\/index.php?rest_route=%2Fwp%2Fv2%2Fmedia&parent=4842"}],"wp:term":[{"taxonomy":"category","embeddable":true,"href":"https:\/\/www.derkapi.de\/index.php?rest_route=%2Fwp%2Fv2%2Fcategories&post=4842"},{"taxonomy":"post_tag","embeddable":true,"href":"https:\/\/www.derkapi.de\/index.php?rest_route=%2Fwp%2Fv2%2Ftags&post=4842"}],"curies":[{"name":"wp","href":"https:\/\/api.w.org\/{rel}","templated":true}]}}